{"id":1745,"date":"2016-01-11T11:06:10","date_gmt":"2016-01-11T10:06:10","guid":{"rendered":"http:\/\/vjeronauk.net\/?p=1745"},"modified":"2016-01-11T11:06:10","modified_gmt":"2016-01-11T10:06:10","slug":"molitva-pape-franje-za-godinu-milosrda","status":"publish","type":"post","link":"https:\/\/vjeronauk.net\/?p=1745","title":{"rendered":"Molitva pape Franje za Godinu milosr\u0111a"},"content":{"rendered":"<p>Gospodine Isuse Kriste,<br \/>\nti si nas pou\u010dio da budemo milosrdni kao Otac nebeski<br \/>\ni rekao nam da tko vidi tebe, vidi njega.<br \/>\nPoka\u017ei nam svoje lice i bit \u0107emo spa\u0161eni.<br \/>\nTvoj pogled, pun ljubavi, oslobodio je Zakeja<br \/>\ni Mateja od robovanja novcu,<br \/>\na preljubnicu i Mariju Magdalenu od isku\u0161enja<br \/>\nda sre\u0107u tra\u017ee samo u stvorenju;<br \/>\npotaknuo je Petra da zapla\u010de, nakon \u0161to te je zatajio,<br \/>\na raskajanom je razbojniku zajam\u010dio raj.<br \/>\nDaj da svatko od nas osjeti da je i nama upu\u0107ena rije\u010d<br \/>\nkoju si rekao Samarijanki:<br \/>\n\u00bbO, kad bi znala dar Bo\u017eji!\u00ab<br \/>\nTi si vidljivo lice nevidljivoga Oca,<br \/>\nBoga koji svoju svemo\u0107 o\u010dituje<br \/>\nnadasve pra\u0161tanjem i milosr\u0111em:<br \/>\ndaj da Crkva u svijetu bude Tvoje vidljivo lice,<br \/>\nlice svoga uskrslog Gospodina u slavi.<br \/>\nHtio si da i tvoji slu\u017ebenici budu zaogrnuti slabo\u0161\u0107u<br \/>\nkako bi gajili istinsko suosje\u0107anje<br \/>\nprema svima koji su u neznanju i zabludi.<br \/>\nU\u010dini da svatko tko pristupi tvojim slu\u017ebenicima<br \/>\nosjeti da ga Bog i\u0161\u010dekuje, ljubi i da mu opra\u0161ta.<br \/>\nPo\u0161alji svoga Duha<br \/>\ni sve nas posveti svojim pomazanjem,<br \/>\nkako bi Jubilej milosr\u0111a<br \/>\nbio godina milosti Gospodnje<br \/>\nte tvoja Crkva, u obnovljenome zanosu,<br \/>\nuzmogne donijeti siromasima radosnu vijest,<br \/>\nproglasiti slobodu zato\u010denima i potla\u010denima<br \/>\nte slijepima vratiti vid.<br \/>\nPo zagovoru Marije, Majke milosr\u0111a,<br \/>\nto molimo tebe koji s Ocem i Duhom Svetim<br \/>\n\u017eivi\u0161 i kraljuje\u0161 u vijeke vjekova. Amen<\/p>\n","protected":false},"excerpt":{"rendered":"<p>Gospodine Isuse Kriste, ti si nas pou\u010dio da budemo milosrdni kao Otac nebeski i rekao nam da tko vidi tebe, vidi njega. Poka\u017ei nam svoje lice i bit \u0107emo spa\u0161eni. Tvoj pogled, pun ljubavi, oslobodio je Zakeja i Mateja od robovanja novcu, a preljubnicu i Mariju Magdalenu od isku\u0161enja da sre\u0107u tra\u017ee samo u stvorenju; &hellip; <a href=\"https:\/\/vjeronauk.net\/?p=1745\" class=\"more-link\">Nastavi \u010ditati <span class=\"screen-reader-text\">Molitva pape Franje za Godinu milosr\u0111a<\/span><\/a><\/p>\n","protected":false},"author":5,"featured_media":0,"comment_status":"open","ping_status":"open","sticky":false,"template":"","format":"standard","meta":{"footnotes":""},"categories":[4],"tags":[],"class_list":["post-1745","post","type-post","status-publish","format-standard","hentry","category-molitva"],"_links":{"self":[{"href":"https:\/\/vjeronauk.net\/index.php?rest_route=\/wp\/v2\/posts\/1745","targetHints":{"allow":["GET"]}}],"collection":[{"href":"https:\/\/vjeronauk.net\/index.php?rest_route=\/wp\/v2\/posts"}],"about":[{"href":"https:\/\/vjeronauk.net\/index.php?rest_route=\/wp\/v2\/types\/post"}],"author":[{"embeddable":true,"href":"https:\/\/vjeronauk.net\/index.php?rest_route=\/wp\/v2\/users\/5"}],"replies":[{"embeddable":true,"href":"https:\/\/vjeronauk.net\/index.php?rest_route=%2Fwp%2Fv2%2Fcomments&post=1745"}],"version-history":[{"count":1,"href":"https:\/\/vjeronauk.net\/index.php?rest_route=\/wp\/v2\/posts\/1745\/revisions"}],"predecessor-version":[{"id":1746,"href":"https:\/\/vjeronauk.net\/index.php?rest_route=\/wp\/v2\/posts\/1745\/revisions\/1746"}],"wp:attachment":[{"href":"https:\/\/vjeronauk.net\/index.php?rest_route=%2Fwp%2Fv2%2Fmedia&parent=1745"}],"wp:term":[{"taxonomy":"category","embeddable":true,"href":"https:\/\/vjeronauk.net\/index.php?rest_route=%2Fwp%2Fv2%2Fcategories&post=1745"},{"taxonomy":"post_tag","embeddable":true,"href":"https:\/\/vjeronauk.net\/index.php?rest_route=%2Fwp%2Fv2%2Ftags&post=1745"}],"curies":[{"name":"wp","href":"https:\/\/api.w.org\/{rel}","templated":true}]}}