{"id":2667,"date":"2024-05-25T13:58:27","date_gmt":"2024-05-25T12:58:27","guid":{"rendered":"https:\/\/vjeronauk.com\/?p=2667"},"modified":"2026-02-20T21:05:14","modified_gmt":"2026-02-20T20:05:14","slug":"hanna-presvetom-srcu-sv-mala-terezija","status":"publish","type":"post","link":"https:\/\/vjeronauk.net\/?p=2667","title":{"rendered":"Presvetom srcu (sv. Mala Terezija)"},"content":{"rendered":"\n<figure class=\"wp-block-embed is-type-video is-provider-youtube wp-block-embed-youtube wp-embed-aspect-16-9 wp-has-aspect-ratio\"><div class=\"wp-block-embed__wrapper\">\n<iframe loading=\"lazy\" title=\"Hanna - Presvetom Srcu (sv. Mala Terezija)\" width=\"660\" height=\"371\" src=\"https:\/\/www.youtube.com\/embed\/B7TXgxPQL58?feature=oembed\" frameborder=\"0\" allow=\"accelerometer; autoplay; clipboard-write; encrypted-media; gyroscope; picture-in-picture; web-share\" referrerpolicy=\"strict-origin-when-cross-origin\" allowfullscreen><\/iframe>\n<\/div><figcaption class=\"wp-element-caption\">&#8220;Zahvalna sam karmeli\u0107ankama BSI koje su snimile u\u017eivo ovu pjesmu i postavile je na youtube kanal. Tamo sam je i ja prona\u0161la i nekoliko godina pjevu\u0161ila. Sv. Mala Terezija moja je najdra\u017ea svetica i \u017eelja mi je da se ova pjesma, tek jedna od njezinih brojnih predivnih, pjeva u Crkvi na sv. misama, klanjanjima &#8211; kad smo ve\u0107 blagoslovljeni da imamo prijevod. U prilogu mo\u017eete prona\u0107i note s jo\u0161 nekoliko strofa. Nek i Vama ova pjesma bude na blagoslov, da zajedno u\u010dimo i\u0107i putem Male Terezije, putem pouzdanja i ljubavi.&#8221; (Hanna P\u00f6lhe)<\/figcaption><\/figure>\n\n\n\n<p class=\"has-medium-font-size\"><strong>\u201c<\/strong><em>Trebam srce nje\u017eno\u0161\u0107u \u0161to gori,<br>\u0161to svojom sve\u0111 me dr\u017ei mo\u0107u,<br>svu me ljube\u0107, pa i slabost moju,<br>ne ostavlja danju me ni no\u0107u.\u201d<\/em><\/p>\n\n\n\n<p class=\"has-medium-font-size\"><em>Stvora nema koj&#8217; bi ljubio me<br>a da ne bi mor&#8217;o umirati<br>Boga trebam koj&#8217; se k meni snizi,<br>brat mi posta i mo\u017ee da pati.<\/em><\/p>\n\n\n\n<p class=\"has-medium-font-size\"><em>\u201cTi me \u010du, o mili Zaru\u010dni\u010de!<br>Da mi otme\u0161 srce iz njedara<br>smrtnik posta, svoju Krvcu proli,<br>i jo\u0161 za me \u017eivi\u0161 sred oltara.\u201d<\/em><\/p>\n\n\n\n<p class=\"has-medium-font-size\"><em>\u201cJa ne vidim sjajnoga ti lica<br>i ne \u010dujem slatkoga ti glasa,<br>ali \u017eivim od milosti tvoje<br>i po\u010divam na Srcu svog Spasa.\u201d<\/em><\/p>\n\n\n\n<p class=\"has-medium-font-size\"><em>\u201cMilje moje, Srce Isusovo,<br>sva mi nado, sre\u0107o \u017eeljkovana,<br>mladosti mi blagoslovljen \u010daru<br>ostaj sa mnom do zadnjeg mi dana.\u201d<\/em><\/p>\n\n\n\n<p class=\"has-medium-font-size\"><em>Tebi sav sam \u017eivot darovala,<br>moja \u010de\u017enja &#8211; tebi ni\u0161ta novo,<br>u dobroti beskrajnoj ti \u017eelim<br>izgubit&#8217; se,  Srce Isusovo.<\/em><\/p>\n\n\n\n<p><\/p>\n\n\n\n<p>Autor: sv. Terezija od Djeteta Isusa<br>Prijevod: p. Milan Paveli\u0107, DI<br>Glazba: Silvije Mudri<br>Izvedba: Hanna P\u00f6lhe<br>Snimanje i obrada zvuka: Dominik Grgi\u0107<br>Video: Br. Filip Vukina CRVC i Ivan Radikovi\u0107<\/p>\n\n\n\n<p>Note: <a href=\"https:\/\/www.youtube.com\/redirect?event=video_description&amp;redir_token=QUFFLUhqa3BkVXdCT1ZTY1NreFNkRWt6QXlDSFN1NDN1d3xBQ3Jtc0trV3phaTZlaER3amVmX0pSbXVWT1VIRFR0aU1OQ1BrNmQxS2ZNYjJQdlUxUktTcU0xdnVUTW96akItNVFSNmZSeFh5MmJCYW4teFl0UmlkcW14eERRei16LVhRR3g3c2w1OUJEWVhPZ3F5WkZfYVIxRQ&amp;q=http%3A%2F%2Fkarmelbsi.hr%2Fwp-content%2Fuploads%2F2017%2F09%2FPresvetom-Srcu.pdf&amp;v=B7TXgxPQL58\" target=\"_blank\" rel=\"noreferrer noopener\">http:\/\/karmelbsi.hr\/wp-content\/upload&#8230;<\/a> <\/p>\n\n\n\n<p>Karmel BSI: <a href=\"https:\/\/www.youtube.com\/redirect?event=video_description&amp;redir_token=QUFFLUhqbUlLZFUtSTRIcWRwZEloWElRTlE3eGVyaTFHd3xBQ3Jtc0tuMGd1dF9zNVM4bmJMSnAwdXA3RVF1eVRaUUpxQldoTlhzLWV0WkpZdHNqdE1zOUk2ZHg1OFUwaXRLVUwyNlhhd0Z0dEs0SjhRYTJscUZic2VhWmFZZFJQdldGUGY5QXVtRldSVXZPaV95R2RIRWFuSQ&amp;q=http%3A%2F%2Fkarmelbsi.hr%2F&amp;v=B7TXgxPQL58\" target=\"_blank\" rel=\"noreferrer noopener\">http:\/\/karmelbsi.hr\/<\/a> <\/p>\n\n\n\n<p>Karmelska pjesmarica: <a href=\"https:\/\/www.youtube.com\/redirect?event=video_description&amp;redir_token=QUFFLUhqbHluckJsOVFUWHZqZnJiTlg4VjhDQ2syRU1ld3xBQ3Jtc0trdHdLQU5aYWM4NXUxWURYTjNSOXVLNVIzUTBTZVdMRWs2UWRSM2tSb3QwSWRfR2k0WU1jNWctX2RFbk9EVmlJNk1qSHBFXzR4WmZ1bGxTWEItTjhUNHJ1Q1dQNjdQcDVOalRaRFBiT0o0RWtQTDJwWQ&amp;q=http%3A%2F%2Fkarmelbsi.hr%2Fkarmelska-pjesmarica%2F&amp;v=B7TXgxPQL58\" target=\"_blank\" rel=\"noreferrer noopener\">http:\/\/karmelbsi.hr\/karmelska-pjesmar&#8230;<\/a><\/p>\n\n\n\n<p> Produkcija Nova Eva 2021<\/p>\n","protected":false},"excerpt":{"rendered":"<p>\u201cTrebam srce nje\u017eno\u0161\u0107u \u0161to gori,\u0161to svojom sve\u0111 me dr\u017ei mo\u0107u,svu me ljube\u0107, pa i slabost moju,ne ostavlja danju me ni no\u0107u.\u201d Stvora nema koj&#8217; bi ljubio mea da ne bi mor&#8217;o umiratiBoga trebam koj&#8217; se k meni snizi,brat mi posta i mo\u017ee da pati. \u201cTi me \u010du, o mili Zaru\u010dni\u010de!Da mi otme\u0161 srce iz njedarasmrtnik &hellip; <a href=\"https:\/\/vjeronauk.net\/?p=2667\" class=\"more-link\">Nastavi \u010ditati <span class=\"screen-reader-text\">Presvetom srcu (sv. Mala Terezija)<\/span><\/a><\/p>\n","protected":false},"author":5,"featured_media":0,"comment_status":"closed","ping_status":"open","sticky":false,"template":"","format":"standard","meta":{"footnotes":""},"categories":[13],"tags":[],"class_list":["post-2667","post","type-post","status-publish","format-standard","hentry","category-duhovna-glazba"],"_links":{"self":[{"href":"https:\/\/vjeronauk.net\/index.php?rest_route=\/wp\/v2\/posts\/2667","targetHints":{"allow":["GET"]}}],"collection":[{"href":"https:\/\/vjeronauk.net\/index.php?rest_route=\/wp\/v2\/posts"}],"about":[{"href":"https:\/\/vjeronauk.net\/index.php?rest_route=\/wp\/v2\/types\/post"}],"author":[{"embeddable":true,"href":"https:\/\/vjeronauk.net\/index.php?rest_route=\/wp\/v2\/users\/5"}],"replies":[{"embeddable":true,"href":"https:\/\/vjeronauk.net\/index.php?rest_route=%2Fwp%2Fv2%2Fcomments&post=2667"}],"version-history":[{"count":2,"href":"https:\/\/vjeronauk.net\/index.php?rest_route=\/wp\/v2\/posts\/2667\/revisions"}],"predecessor-version":[{"id":2990,"href":"https:\/\/vjeronauk.net\/index.php?rest_route=\/wp\/v2\/posts\/2667\/revisions\/2990"}],"wp:attachment":[{"href":"https:\/\/vjeronauk.net\/index.php?rest_route=%2Fwp%2Fv2%2Fmedia&parent=2667"}],"wp:term":[{"taxonomy":"category","embeddable":true,"href":"https:\/\/vjeronauk.net\/index.php?rest_route=%2Fwp%2Fv2%2Fcategories&post=2667"},{"taxonomy":"post_tag","embeddable":true,"href":"https:\/\/vjeronauk.net\/index.php?rest_route=%2Fwp%2Fv2%2Ftags&post=2667"}],"curies":[{"name":"wp","href":"https:\/\/api.w.org\/{rel}","templated":true}]}}