{"id":2799,"date":"2025-01-31T23:04:34","date_gmt":"2025-01-31T22:04:34","guid":{"rendered":"https:\/\/vjeronauk.com\/?p=2799"},"modified":"2025-06-30T17:03:16","modified_gmt":"2025-06-30T16:03:16","slug":"san-iz-devete","status":"publish","type":"post","link":"https:\/\/vjeronauk.net\/?p=2799","title":{"rendered":"San iz devete"},"content":{"rendered":"\n<figure class=\"wp-block-embed is-type-video is-provider-youtube wp-block-embed-youtube wp-embed-aspect-16-9 wp-has-aspect-ratio\"><div class=\"wp-block-embed__wrapper\">\n<iframe loading=\"lazy\" title=\"Oratorij Kne\u017eija - San iz devete\" width=\"660\" height=\"371\" src=\"https:\/\/www.youtube.com\/embed\/9JvRT1BqXUc?feature=oembed\" frameborder=\"0\" allow=\"accelerometer; autoplay; clipboard-write; encrypted-media; gyroscope; picture-in-picture; web-share\" referrerpolicy=\"strict-origin-when-cross-origin\" allowfullscreen><\/iframe>\n<\/div><\/figure>\n\n\n\n<p class=\"has-medium-font-size\">Uo\u010di svetkovine sv. Ivana Bosca, Oratorij don Bosco Kne\u017eija izdaje svoju prvu autorsku pjesmu i video &#8220;San iz devete&#8221;. Pjesma opisuje san 9-godi\u0161njeg Ivana Bosca, maloga dje\u010daka iz jednog neznatnog sela sa bre\u017euljkastih predjela Torina. Taj san usmjerava cijeli njegov \u017eivot prema brizi za siroma\u0161ne i napu\u0161tene mlade. Postav\u0161i sve\u0107enikom, don Bosco zapo\u010dinje provoditi u djelo poslanje koje mu je povjerila Bla\u017eena Djevica Marija: &#8220;u\u010diti mlade rugobi grijeha i ljepoti kreposti&#8221;, s ciljem &#8220;da budu sretni sada i u vje\u010dnosti&#8221;.<\/p>\n\n\n\n<p>Tekst: Ivan Dretar, Pia Veronika Klinac, Dina Tomi\u0107, Filip Kadi\u0107, Nikola Sko\u010di\u0107, Bartol Kadi\u0107 i Lorena Kvasni\u010dka <br>Glazba: Ivan Dretar, Pia Veronika Klinac, Filip Kadi\u0107, Nikola Sko\u010di\u0107 i Dina Tomi\u0107 Glazbeni producent: Igor Ivanovi\u0107 \/ deciBel Studio, Zagreb <br>Akusti\u010dna gitara: Vedran Baoti\u0107 <br>Digital label: deciBel Studio Music <br>DARPRO.TV Video Producition <br>Re\u017eija: Dario Lepoglavec <br>Snimanje: Petar Begovi\u0107, Dario Lepoglavec Monta\u017ea: Dario Lepoglavec<\/p>\n\n\n\n<p><\/p>\n","protected":false},"excerpt":{"rendered":"<p>Uo\u010di svetkovine sv. Ivana Bosca, Oratorij don Bosco Kne\u017eija izdaje svoju prvu autorsku pjesmu i video &#8220;San iz devete&#8221;. Pjesma opisuje san 9-godi\u0161njeg Ivana Bosca, maloga dje\u010daka iz jednog neznatnog sela sa bre\u017euljkastih predjela Torina. Taj san usmjerava cijeli njegov \u017eivot prema brizi za siroma\u0161ne i napu\u0161tene mlade. Postav\u0161i sve\u0107enikom, don Bosco zapo\u010dinje provoditi u &hellip; <a href=\"https:\/\/vjeronauk.net\/?p=2799\" class=\"more-link\">Nastavi \u010ditati <span class=\"screen-reader-text\">San iz devete<\/span><\/a><\/p>\n","protected":false},"author":5,"featured_media":0,"comment_status":"closed","ping_status":"open","sticky":false,"template":"","format":"standard","meta":{"footnotes":""},"categories":[13],"tags":[],"class_list":["post-2799","post","type-post","status-publish","format-standard","hentry","category-duhovna-glazba"],"_links":{"self":[{"href":"https:\/\/vjeronauk.net\/index.php?rest_route=\/wp\/v2\/posts\/2799","targetHints":{"allow":["GET"]}}],"collection":[{"href":"https:\/\/vjeronauk.net\/index.php?rest_route=\/wp\/v2\/posts"}],"about":[{"href":"https:\/\/vjeronauk.net\/index.php?rest_route=\/wp\/v2\/types\/post"}],"author":[{"embeddable":true,"href":"https:\/\/vjeronauk.net\/index.php?rest_route=\/wp\/v2\/users\/5"}],"replies":[{"embeddable":true,"href":"https:\/\/vjeronauk.net\/index.php?rest_route=%2Fwp%2Fv2%2Fcomments&post=2799"}],"version-history":[{"count":2,"href":"https:\/\/vjeronauk.net\/index.php?rest_route=\/wp\/v2\/posts\/2799\/revisions"}],"predecessor-version":[{"id":3079,"href":"https:\/\/vjeronauk.net\/index.php?rest_route=\/wp\/v2\/posts\/2799\/revisions\/3079"}],"wp:attachment":[{"href":"https:\/\/vjeronauk.net\/index.php?rest_route=%2Fwp%2Fv2%2Fmedia&parent=2799"}],"wp:term":[{"taxonomy":"category","embeddable":true,"href":"https:\/\/vjeronauk.net\/index.php?rest_route=%2Fwp%2Fv2%2Fcategories&post=2799"},{"taxonomy":"post_tag","embeddable":true,"href":"https:\/\/vjeronauk.net\/index.php?rest_route=%2Fwp%2Fv2%2Ftags&post=2799"}],"curies":[{"name":"wp","href":"https:\/\/api.w.org\/{rel}","templated":true}]}}